{"id":2008,"date":"2014-01-19T22:41:50","date_gmt":"2014-01-19T21:41:50","guid":{"rendered":"http:\/\/soli-wartenberg.de\/wordpress\/?p=2008"},"modified":"2016-07-24T18:15:04","modified_gmt":"2016-07-24T16:15:04","slug":"winterwanderung-18-01-2014","status":"publish","type":"post","link":"https:\/\/soli-wartenberg.de\/wordpress\/winterwanderung-18-01-2014\/","title":{"rendered":"Winterwanderung 18.01.2014"},"content":{"rendered":"<p>Mitglieder der Soli trafen sich am 18.01.2014 nachmittags zur Winterwanderung. Es war zwar k\u00fchl und diesig, von Winter war allerdings nicht viel zu sp\u00fcren. Auch wenn sich die Wald- und Feldwege sich aufgeweicht pr\u00e4sentierten, so liessen sich die Wanderfreunde nicht ausbremsen. Nach gut zwei Stunden Wandern in frischer Luft war das Gasthaus Kuttenlochner erreicht und eine feine Brotzeit verdient.<\/p>\n<div class=\"serendipity_imageComment_left\" style=\"width: 220px\">\n<div class=\"serendipity_imageComment_img\"><!-- s9ymdb:6 --><img loading=\"lazy\" decoding=\"async\" class=\"serendipity_image_left\" width=\"220\" height=\"165\"  src=\"\/serendipity\/uploads\/Bilder\/P1160224a.serendipityThumb.JPG\" title=\"P1160224a.JPG\" alt=\"\" \/><\/div>\n<div class=\"serendipity_imageComment_txt\">Winderwanderung 18.01.2014 &#8211; gem\u00fctliches Beisammensein im Gasthaus Kuttenlochner<\/div>\n<\/div>\n<div class=\"serendipity_imageComment_left\" style=\"width: 220px\">\n<div class=\"serendipity_imageComment_img\"><!-- s9ymdb:5 --><img loading=\"lazy\" decoding=\"async\" class=\"serendipity_image_left\" width=\"220\" height=\"165\"  src=\"\/serendipity\/uploads\/Bilder\/P1160222a.serendipityThumb.JPG\" title=\"P1160222a.JPG\" alt=\"\" \/><\/div>\n<div class=\"serendipity_imageComment_txt\">Winderwanderung 18.01.2014 &#8211; Kleine Pause<\/div>\n<\/div>\n","protected":false},"excerpt":{"rendered":"<p>Mitglieder der Soli trafen sich am 18.01.2014 nachmittags zur Winterwanderung. Es war zwar k\u00fchl und diesig, von Winter war allerdings nicht viel zu sp\u00fcren. Auch wenn sich die Wald- und Feldwege sich aufgeweicht pr\u00e4sentierten, so liessen sich die Wanderfreunde nicht <span class=\"excerpt-dots\">&hellip;<\/span> <a class=\"more-link\" href=\"https:\/\/soli-wartenberg.de\/wordpress\/winterwanderung-18-01-2014\/\"><span class=\"more-msg\">Weiterlesen &rarr;<\/span><\/a><\/p>\n","protected":false},"author":1,"featured_media":0,"comment_status":"closed","ping_status":"closed","sticky":false,"template":"","format":"standard","meta":{"ngg_post_thumbnail":0,"footnotes":""},"categories":[4],"tags":[],"class_list":["post-2008","post","type-post","status-publish","format-standard","hentry","category-allgemein"],"_links":{"self":[{"href":"https:\/\/soli-wartenberg.de\/wordpress\/wp-json\/wp\/v2\/posts\/2008","targetHints":{"allow":["GET"]}}],"collection":[{"href":"https:\/\/soli-wartenberg.de\/wordpress\/wp-json\/wp\/v2\/posts"}],"about":[{"href":"https:\/\/soli-wartenberg.de\/wordpress\/wp-json\/wp\/v2\/types\/post"}],"author":[{"embeddable":true,"href":"https:\/\/soli-wartenberg.de\/wordpress\/wp-json\/wp\/v2\/users\/1"}],"replies":[{"embeddable":true,"href":"https:\/\/soli-wartenberg.de\/wordpress\/wp-json\/wp\/v2\/comments?post=2008"}],"version-history":[{"count":0,"href":"https:\/\/soli-wartenberg.de\/wordpress\/wp-json\/wp\/v2\/posts\/2008\/revisions"}],"wp:attachment":[{"href":"https:\/\/soli-wartenberg.de\/wordpress\/wp-json\/wp\/v2\/media?parent=2008"}],"wp:term":[{"taxonomy":"category","embeddable":true,"href":"https:\/\/soli-wartenberg.de\/wordpress\/wp-json\/wp\/v2\/categories?post=2008"},{"taxonomy":"post_tag","embeddable":true,"href":"https:\/\/soli-wartenberg.de\/wordpress\/wp-json\/wp\/v2\/tags?post=2008"}],"curies":[{"name":"wp","href":"https:\/\/api.w.org\/{rel}","templated":true}]}}