{"id":3086,"date":"2017-11-13T21:54:53","date_gmt":"2017-11-13T20:54:53","guid":{"rendered":"http:\/\/soli-wartenberg.de\/wordpress\/?p=3086"},"modified":"2017-11-13T21:54:53","modified_gmt":"2017-11-13T20:54:53","slug":"jahreshauptversammlung-2017","status":"publish","type":"post","link":"https:\/\/soli-wartenberg.de\/wordpress\/jahreshauptversammlung-2017\/","title":{"rendered":"Jahreshauptversammlung 2017"},"content":{"rendered":"<p>Die Jahreshauptversammlung 2017 fand am 10.11.2017 im Gasthof Reiter statt.<\/p>\n<p>&nbsp;<\/p>\n<p>Markus Remde berichtete als 1. Vorsitzender \u00fcber das ablaufende Vereinsjahr. F\u00fcr 20 und 40 Jahre Mitgliedschaft wurden Willi R\u00fcmpelein und Hans Loibl geehrt. Die Ehrungen werden den beiden demn\u00e4chst noch pers\u00f6nlich \u00fcberbracht, da beide zur Jahreshauptversammlung nicht anwesend sein konnten. Im Sommer wurde die Sanierung der Soli-H\u00fctte in Angriff genommen. Bei den sportlichen Aktivit\u00e4ten berichtete Klaus Schauer \u00fcber diverse Teilnahmen an RTF&#8217;s bei den Vereinen der n\u00e4heren Umgebung. Das Pfingstrennen verlief wiederum erfolgreich. Auch die Zuschauer, die das unerwartet angenehme Pfingstwetter gerne f\u00fcr einen Besuch am Marktplatz nutzten, konnten spannende Rennen mitverfolgen. F\u00fcr das Pfingstrennen ist allerdings eine Modifikation geplant: so soll es in 2018 zu einem &#8220;Fette Reifen&#8221;-Rennen kommen.<\/p>\n<p>Neben dem erfolgreichen Pfingstradrennen gab es durch das Rennteam zahlreiche Teilnahmen an Rad-, Lauf- und Triathlonveranstaltungen, die regelm\u00e4ssig mit hervorragenden Platzierungen absolviert werden konnten. Auch die Vereinsmeisterschaft wurde in einem neuen Format ausgefahren. Bei vier sehr unterschiedlichen Rennen auf Basis einer Minuspunktwertung konnten sich Franziska Krautz und Goran Galusic durchsetzen und die Vereinsmeisterschaft f\u00fcr sich entscheiden.<\/p>\n<p>Auch die sportlichen Freizeitaktivit\u00e4ten erfreuen sich immer gr\u00f6sserer Beliebtheit. Dienstags und donnerstags werden dazu bei passender Witterung Ausfahren in unterschiedlichen Leistungskategorien angeboten.&nbsp;<\/p>\n<div id=\"attachment_3088\" style=\"width: 1034px\" class=\"wp-caption alignnone\"><img loading=\"lazy\" decoding=\"async\" aria-describedby=\"caption-attachment-3088\" class=\"size-large wp-image-3088\" src=\"http:\/\/soli-wartenberg.de\/wordpress\/wp-content\/uploads\/2017\/11\/SAM_2942a-1024x627.jpg\" alt=\"\" width=\"1024\" height=\"627\" srcset=\"https:\/\/soli-wartenberg.de\/wordpress\/wp-content\/uploads\/2017\/11\/SAM_2942a-1024x627.jpg 1024w, https:\/\/soli-wartenberg.de\/wordpress\/wp-content\/uploads\/2017\/11\/SAM_2942a-300x184.jpg 300w, https:\/\/soli-wartenberg.de\/wordpress\/wp-content\/uploads\/2017\/11\/SAM_2942a-600x367.jpg 600w, https:\/\/soli-wartenberg.de\/wordpress\/wp-content\/uploads\/2017\/11\/SAM_2942a.jpg 1813w\" sizes=\"auto, (max-width: 1024px) 100vw, 1024px\" \/><p id=\"caption-attachment-3088\" class=\"wp-caption-text\">Die Vereinsmeister 2017<\/p><\/div>\n<p><a href=\"http:\/\/soli-wartenberg.de\/wordpress\/?presseartikel=jahreshauptversammlung-10-11-2017-erdinger-anzeiger-vom-13-11-2017\">Bericht des Erdinger Anzeiger vom 13.10.2017 &#8230;<\/a><\/p>\n","protected":false},"excerpt":{"rendered":"<p>Die Jahreshauptversammlung 2017 fand am 10.11.2017 im Gasthof Reiter statt. &nbsp; Markus Remde berichtete als 1. Vorsitzender \u00fcber das ablaufende Vereinsjahr. F\u00fcr 20 und 40 Jahre Mitgliedschaft wurden Willi R\u00fcmpelein und Hans Loibl geehrt. Die Ehrungen werden den beiden demn\u00e4chst <span class=\"excerpt-dots\">&hellip;<\/span> <a class=\"more-link\" href=\"https:\/\/soli-wartenberg.de\/wordpress\/jahreshauptversammlung-2017\/\"><span class=\"more-msg\">Weiterlesen &rarr;<\/span><\/a><\/p>\n","protected":false},"author":1,"featured_media":0,"comment_status":"closed","ping_status":"closed","sticky":false,"template":"","format":"standard","meta":{"ngg_post_thumbnail":0,"footnotes":""},"categories":[4],"tags":[],"class_list":["post-3086","post","type-post","status-publish","format-standard","hentry","category-allgemein"],"_links":{"self":[{"href":"https:\/\/soli-wartenberg.de\/wordpress\/wp-json\/wp\/v2\/posts\/3086","targetHints":{"allow":["GET"]}}],"collection":[{"href":"https:\/\/soli-wartenberg.de\/wordpress\/wp-json\/wp\/v2\/posts"}],"about":[{"href":"https:\/\/soli-wartenberg.de\/wordpress\/wp-json\/wp\/v2\/types\/post"}],"author":[{"embeddable":true,"href":"https:\/\/soli-wartenberg.de\/wordpress\/wp-json\/wp\/v2\/users\/1"}],"replies":[{"embeddable":true,"href":"https:\/\/soli-wartenberg.de\/wordpress\/wp-json\/wp\/v2\/comments?post=3086"}],"version-history":[{"count":0,"href":"https:\/\/soli-wartenberg.de\/wordpress\/wp-json\/wp\/v2\/posts\/3086\/revisions"}],"wp:attachment":[{"href":"https:\/\/soli-wartenberg.de\/wordpress\/wp-json\/wp\/v2\/media?parent=3086"}],"wp:term":[{"taxonomy":"category","embeddable":true,"href":"https:\/\/soli-wartenberg.de\/wordpress\/wp-json\/wp\/v2\/categories?post=3086"},{"taxonomy":"post_tag","embeddable":true,"href":"https:\/\/soli-wartenberg.de\/wordpress\/wp-json\/wp\/v2\/tags?post=3086"}],"curies":[{"name":"wp","href":"https:\/\/api.w.org\/{rel}","templated":true}]}}